{"id":272,"date":"2025-03-18T09:55:11","date_gmt":"2025-03-18T09:55:11","guid":{"rendered":"https:\/\/ahi.maynoothuniversity.ie\/mind-material-middle-ages\/?p=272"},"modified":"2025-03-19T12:09:49","modified_gmt":"2025-03-19T12:09:49","slug":"developing-a-digital-framework-for-the-medieval-gaelic-world","status":"publish","type":"post","link":"https:\/\/ahi.maynoothuniversity.ie\/mind-material-middle-ages\/developing-a-digital-framework-for-the-medieval-gaelic-world\/research\/projects\/past-projects\/","title":{"rendered":"Developing a Digital Framework for the Medieval Gaelic World"},"content":{"rendered":"\n<p><strong>Principal Investigators:<\/strong> <a href=\"\/mind-material-middle-ages\/members\/#prof-david-stifter\">Prof. David Stifter<\/a> (Maynooth University); Prof. Greg Toner (Queen\u2019s University Belfast)<\/p>\n\n\n\n<p><strong>Co-Investigators: <\/strong><a href=\"\/mind-material-middle-ages\/members\/\/#prof-deborah-hayden\">Prof. Deborah Hayden<\/a> (Maynooth University); Beatrix F\u00e4rber (University College Cork); Prof. M\u00e1ire N\u00ed Mhaonaigh (University of Cambridge); Dr Joanna Tucker (University of Glasgow)<\/p>\n\n\n\n<p>Duration: 2020\u20132021<\/p>\n\n\n\n<p>This project was jointly funded by the UK Arts and Humanities Research Council and the Irish Research Council through a UK-Ireland Collaboration in the Digital Humanities Networking Grant. The network focused on the impact of digitisation on research into medieval Ireland and Scotland, seeking to better our understanding of how we currently use digital resources with a view to facilitating improved applications of technology in future research and more intelligent, innovative use of resources. The team organised 4 workshops and a training event in collaboration with Celtic Scholars across the globe and representatives from 3 institutional partners: the National Library of Scotland, the Royal Irish Academy and the British Library.<\/p>\n\n\n\n<div class=\"wp-block-group is-content-justification-right is-nowrap is-layout-flex wp-container-core-group-is-layout-fd526d70 wp-block-group-is-layout-flex\">\n<div class=\"wp-block-buttons is-layout-flex wp-block-buttons-is-layout-flex\">\n<div class=\"wp-block-button\"><a class=\"wp-block-button__link wp-element-button\" href=\"https:\/\/www.qub.ac.uk\/schools\/ael\/Research\/ResearchinLanguages\/imdorus\/\" target=\"_blank\" rel=\"noreferrer noopener\">Project Website<\/a><\/div>\n\n\n\n<div class=\"wp-block-button\"><a class=\"wp-block-button__link wp-element-button\" href=\"https:\/\/mural.maynoothuniversity.ie\/id\/eprint\/15674\/\" target=\"_blank\" rel=\"noreferrer noopener\">Project Report<\/a><\/div>\n<\/div>\n<\/div>\n","protected":false},"excerpt":{"rendered":"<p>This project was jointly funded by the UK Arts and Humanities Research Council and the Irish Research Council through a UK-Ireland Collaboration in the Digital Humanities Networking Grant. The network focused on the impact of digitisation on research into medieval Ireland and Scotland, seeking to better our understanding of how we currently use digital resources with a view to facilitating improved applications of technology in future research and more intelligent, innovative use of resources&#8230;<\/p>\n","protected":false},"author":1,"featured_media":0,"comment_status":"open","ping_status":"open","sticky":false,"template":"","format":"standard","meta":{"_kad_post_transparent":"","_kad_post_title":"","_kad_post_layout":"","_kad_post_sidebar_id":"","_kad_post_content_style":"","_kad_post_vertical_padding":"","_kad_post_feature":"","_kad_post_feature_position":"","_kad_post_header":false,"_kad_post_footer":false,"_kad_post_classname":"","footnotes":""},"categories":[7,5,4],"tags":[],"class_list":["post-272","post","type-post","status-publish","format-standard","hentry","category-past-projects","category-projects","category-research"],"yoast_head":"<!-- This site is optimized with the Yoast SEO plugin v26.3 - https:\/\/yoast.com\/wordpress\/plugins\/seo\/ -->\n<title>Developing a Digital Framework for the Medieval Gaelic World - Mind and Material in the Middle Ages<\/title>\n<meta name=\"robots\" content=\"index, follow, max-snippet:-1, max-image-preview:large, max-video-preview:-1\" \/>\n<link rel=\"canonical\" href=\"https:\/\/ahi.maynoothuniversity.ie\/mind-material-middle-ages\/developing-a-digital-framework-for-the-medieval-gaelic-world\/research\/projects\/past-projects\/\" \/>\n<meta property=\"og:locale\" content=\"en_US\" \/>\n<meta property=\"og:type\" content=\"article\" \/>\n<meta property=\"og:title\" content=\"Developing a Digital Framework for the Medieval Gaelic World - Mind and Material in the Middle Ages\" \/>\n<meta property=\"og:description\" content=\"This project was jointly funded by the UK Arts and Humanities Research Council and the Irish Research Council through a UK-Ireland Collaboration in the Digital Humanities Networking Grant. The network focused on the impact of digitisation on research into medieval Ireland and Scotland, seeking to better our understanding of how we currently use digital resources with a view to facilitating improved applications of technology in future research and more intelligent, innovative use of resources...\" \/>\n<meta property=\"og:url\" content=\"https:\/\/ahi.maynoothuniversity.ie\/mind-material-middle-ages\/developing-a-digital-framework-for-the-medieval-gaelic-world\/research\/projects\/past-projects\/\" \/>\n<meta property=\"og:site_name\" content=\"Mind and Material in the Middle Ages\" \/>\n<meta property=\"article:published_time\" content=\"2025-03-18T09:55:11+00:00\" \/>\n<meta property=\"article:modified_time\" content=\"2025-03-19T12:09:49+00:00\" \/>\n<meta name=\"author\" content=\"admin\" \/>\n<meta name=\"twitter:card\" content=\"summary_large_image\" \/>\n<meta name=\"twitter:label1\" content=\"Written by\" \/>\n\t<meta name=\"twitter:data1\" content=\"admin\" \/>\n\t<meta name=\"twitter:label2\" content=\"Est. reading time\" \/>\n\t<meta name=\"twitter:data2\" content=\"1 minute\" \/>\n<script type=\"application\/ld+json\" class=\"yoast-schema-graph\">{\"@context\":\"https:\/\/schema.org\",\"@graph\":[{\"@type\":\"Article\",\"@id\":\"https:\/\/ahi.maynoothuniversity.ie\/mind-material-middle-ages\/developing-a-digital-framework-for-the-medieval-gaelic-world\/research\/projects\/past-projects\/#article\",\"isPartOf\":{\"@id\":\"https:\/\/ahi.maynoothuniversity.ie\/mind-material-middle-ages\/developing-a-digital-framework-for-the-medieval-gaelic-world\/research\/projects\/past-projects\/\"},\"author\":{\"name\":\"admin\",\"@id\":\"https:\/\/ahi.maynoothuniversity.ie\/mind-material-middle-ages\/#\/schema\/person\/b7e0a15d42915cf0319222bd95f6589d\"},\"headline\":\"Developing a Digital Framework for the Medieval Gaelic World\",\"datePublished\":\"2025-03-18T09:55:11+00:00\",\"dateModified\":\"2025-03-19T12:09:49+00:00\",\"mainEntityOfPage\":{\"@id\":\"https:\/\/ahi.maynoothuniversity.ie\/mind-material-middle-ages\/developing-a-digital-framework-for-the-medieval-gaelic-world\/research\/projects\/past-projects\/\"},\"wordCount\":162,\"commentCount\":0,\"publisher\":{\"@id\":\"https:\/\/ahi.maynoothuniversity.ie\/mind-material-middle-ages\/#organization\"},\"articleSection\":[\"Past projects\",\"Projects\",\"Research\"],\"inLanguage\":\"en-US\",\"potentialAction\":[{\"@type\":\"CommentAction\",\"name\":\"Comment\",\"target\":[\"https:\/\/ahi.maynoothuniversity.ie\/mind-material-middle-ages\/developing-a-digital-framework-for-the-medieval-gaelic-world\/research\/projects\/past-projects\/#respond\"]}]},{\"@type\":\"WebPage\",\"@id\":\"https:\/\/ahi.maynoothuniversity.ie\/mind-material-middle-ages\/developing-a-digital-framework-for-the-medieval-gaelic-world\/research\/projects\/past-projects\/\",\"url\":\"https:\/\/ahi.maynoothuniversity.ie\/mind-material-middle-ages\/developing-a-digital-framework-for-the-medieval-gaelic-world\/research\/projects\/past-projects\/\",\"name\":\"Developing a Digital Framework for the Medieval Gaelic World - Mind and Material in the Middle Ages\",\"isPartOf\":{\"@id\":\"https:\/\/ahi.maynoothuniversity.ie\/mind-material-middle-ages\/#website\"},\"datePublished\":\"2025-03-18T09:55:11+00:00\",\"dateModified\":\"2025-03-19T12:09:49+00:00\",\"breadcrumb\":{\"@id\":\"https:\/\/ahi.maynoothuniversity.ie\/mind-material-middle-ages\/developing-a-digital-framework-for-the-medieval-gaelic-world\/research\/projects\/past-projects\/#breadcrumb\"},\"inLanguage\":\"en-US\",\"potentialAction\":[{\"@type\":\"ReadAction\",\"target\":[\"https:\/\/ahi.maynoothuniversity.ie\/mind-material-middle-ages\/developing-a-digital-framework-for-the-medieval-gaelic-world\/research\/projects\/past-projects\/\"]}]},{\"@type\":\"BreadcrumbList\",\"@id\":\"https:\/\/ahi.maynoothuniversity.ie\/mind-material-middle-ages\/developing-a-digital-framework-for-the-medieval-gaelic-world\/research\/projects\/past-projects\/#breadcrumb\",\"itemListElement\":[{\"@type\":\"ListItem\",\"position\":1,\"name\":\"Home\",\"item\":\"https:\/\/ahi.maynoothuniversity.ie\/mind-material-middle-ages\/\"},{\"@type\":\"ListItem\",\"position\":2,\"name\":\"Developing a Digital Framework for the Medieval Gaelic World\"}]},{\"@type\":\"WebSite\",\"@id\":\"https:\/\/ahi.maynoothuniversity.ie\/mind-material-middle-ages\/#website\",\"url\":\"https:\/\/ahi.maynoothuniversity.ie\/mind-material-middle-ages\/\",\"name\":\"Mind and Material in the Middle Ages\",\"description\":\"\",\"publisher\":{\"@id\":\"https:\/\/ahi.maynoothuniversity.ie\/mind-material-middle-ages\/#organization\"},\"potentialAction\":[{\"@type\":\"SearchAction\",\"target\":{\"@type\":\"EntryPoint\",\"urlTemplate\":\"https:\/\/ahi.maynoothuniversity.ie\/mind-material-middle-ages\/?s={search_term_string}\"},\"query-input\":{\"@type\":\"PropertyValueSpecification\",\"valueRequired\":true,\"valueName\":\"search_term_string\"}}],\"inLanguage\":\"en-US\"},{\"@type\":\"Organization\",\"@id\":\"https:\/\/ahi.maynoothuniversity.ie\/mind-material-middle-ages\/#organization\",\"name\":\"Mind and Material in the Middle Ages\",\"url\":\"https:\/\/ahi.maynoothuniversity.ie\/mind-material-middle-ages\/\",\"logo\":{\"@type\":\"ImageObject\",\"inLanguage\":\"en-US\",\"@id\":\"https:\/\/ahi.maynoothuniversity.ie\/mind-material-middle-ages\/#\/schema\/logo\/image\/\",\"url\":\"https:\/\/ahi.maynoothuniversity.ie\/mind-material-middle-ages\/wp-content\/uploads\/2025\/02\/logo-full.png\",\"contentUrl\":\"https:\/\/ahi.maynoothuniversity.ie\/mind-material-middle-ages\/wp-content\/uploads\/2025\/02\/logo-full.png\",\"width\":463,\"height\":80,\"caption\":\"Mind and Material in the Middle Ages\"},\"image\":{\"@id\":\"https:\/\/ahi.maynoothuniversity.ie\/mind-material-middle-ages\/#\/schema\/logo\/image\/\"}},{\"@type\":\"Person\",\"@id\":\"https:\/\/ahi.maynoothuniversity.ie\/mind-material-middle-ages\/#\/schema\/person\/b7e0a15d42915cf0319222bd95f6589d\",\"name\":\"admin\",\"image\":{\"@type\":\"ImageObject\",\"inLanguage\":\"en-US\",\"@id\":\"https:\/\/ahi.maynoothuniversity.ie\/mind-material-middle-ages\/#\/schema\/person\/image\/\",\"url\":\"https:\/\/secure.gravatar.com\/avatar\/e9dbeba96e6dbabe2de8e89c96dc385e54313539947f96f1d1ed6e5149ee77af?s=96&d=mm&r=g\",\"contentUrl\":\"https:\/\/secure.gravatar.com\/avatar\/e9dbeba96e6dbabe2de8e89c96dc385e54313539947f96f1d1ed6e5149ee77af?s=96&d=mm&r=g\",\"caption\":\"admin\"},\"sameAs\":[\"https:\/\/ahi.maynoothuniversity.ie\/mind-material-middle-ages\"],\"url\":\"https:\/\/ahi.maynoothuniversity.ie\/mind-material-middle-ages\/author\/admin_jmczbnwh\/\"}]}<\/script>\n<!-- \/ Yoast SEO plugin. -->","yoast_head_json":{"title":"Developing a Digital Framework for the Medieval Gaelic World - Mind and Material in the Middle Ages","robots":{"index":"index","follow":"follow","max-snippet":"max-snippet:-1","max-image-preview":"max-image-preview:large","max-video-preview":"max-video-preview:-1"},"canonical":"https:\/\/ahi.maynoothuniversity.ie\/mind-material-middle-ages\/developing-a-digital-framework-for-the-medieval-gaelic-world\/research\/projects\/past-projects\/","og_locale":"en_US","og_type":"article","og_title":"Developing a Digital Framework for the Medieval Gaelic World - Mind and Material in the Middle Ages","og_description":"This project was jointly funded by the UK Arts and Humanities Research Council and the Irish Research Council through a UK-Ireland Collaboration in the Digital Humanities Networking Grant. The network focused on the impact of digitisation on research into medieval Ireland and Scotland, seeking to better our understanding of how we currently use digital resources with a view to facilitating improved applications of technology in future research and more intelligent, innovative use of resources...","og_url":"https:\/\/ahi.maynoothuniversity.ie\/mind-material-middle-ages\/developing-a-digital-framework-for-the-medieval-gaelic-world\/research\/projects\/past-projects\/","og_site_name":"Mind and Material in the Middle Ages","article_published_time":"2025-03-18T09:55:11+00:00","article_modified_time":"2025-03-19T12:09:49+00:00","author":"admin","twitter_card":"summary_large_image","twitter_misc":{"Written by":"admin","Est. reading time":"1 minute"},"schema":{"@context":"https:\/\/schema.org","@graph":[{"@type":"Article","@id":"https:\/\/ahi.maynoothuniversity.ie\/mind-material-middle-ages\/developing-a-digital-framework-for-the-medieval-gaelic-world\/research\/projects\/past-projects\/#article","isPartOf":{"@id":"https:\/\/ahi.maynoothuniversity.ie\/mind-material-middle-ages\/developing-a-digital-framework-for-the-medieval-gaelic-world\/research\/projects\/past-projects\/"},"author":{"name":"admin","@id":"https:\/\/ahi.maynoothuniversity.ie\/mind-material-middle-ages\/#\/schema\/person\/b7e0a15d42915cf0319222bd95f6589d"},"headline":"Developing a Digital Framework for the Medieval Gaelic World","datePublished":"2025-03-18T09:55:11+00:00","dateModified":"2025-03-19T12:09:49+00:00","mainEntityOfPage":{"@id":"https:\/\/ahi.maynoothuniversity.ie\/mind-material-middle-ages\/developing-a-digital-framework-for-the-medieval-gaelic-world\/research\/projects\/past-projects\/"},"wordCount":162,"commentCount":0,"publisher":{"@id":"https:\/\/ahi.maynoothuniversity.ie\/mind-material-middle-ages\/#organization"},"articleSection":["Past projects","Projects","Research"],"inLanguage":"en-US","potentialAction":[{"@type":"CommentAction","name":"Comment","target":["https:\/\/ahi.maynoothuniversity.ie\/mind-material-middle-ages\/developing-a-digital-framework-for-the-medieval-gaelic-world\/research\/projects\/past-projects\/#respond"]}]},{"@type":"WebPage","@id":"https:\/\/ahi.maynoothuniversity.ie\/mind-material-middle-ages\/developing-a-digital-framework-for-the-medieval-gaelic-world\/research\/projects\/past-projects\/","url":"https:\/\/ahi.maynoothuniversity.ie\/mind-material-middle-ages\/developing-a-digital-framework-for-the-medieval-gaelic-world\/research\/projects\/past-projects\/","name":"Developing a Digital Framework for the Medieval Gaelic World - Mind and Material in the Middle Ages","isPartOf":{"@id":"https:\/\/ahi.maynoothuniversity.ie\/mind-material-middle-ages\/#website"},"datePublished":"2025-03-18T09:55:11+00:00","dateModified":"2025-03-19T12:09:49+00:00","breadcrumb":{"@id":"https:\/\/ahi.maynoothuniversity.ie\/mind-material-middle-ages\/developing-a-digital-framework-for-the-medieval-gaelic-world\/research\/projects\/past-projects\/#breadcrumb"},"inLanguage":"en-US","potentialAction":[{"@type":"ReadAction","target":["https:\/\/ahi.maynoothuniversity.ie\/mind-material-middle-ages\/developing-a-digital-framework-for-the-medieval-gaelic-world\/research\/projects\/past-projects\/"]}]},{"@type":"BreadcrumbList","@id":"https:\/\/ahi.maynoothuniversity.ie\/mind-material-middle-ages\/developing-a-digital-framework-for-the-medieval-gaelic-world\/research\/projects\/past-projects\/#breadcrumb","itemListElement":[{"@type":"ListItem","position":1,"name":"Home","item":"https:\/\/ahi.maynoothuniversity.ie\/mind-material-middle-ages\/"},{"@type":"ListItem","position":2,"name":"Developing a Digital Framework for the Medieval Gaelic World"}]},{"@type":"WebSite","@id":"https:\/\/ahi.maynoothuniversity.ie\/mind-material-middle-ages\/#website","url":"https:\/\/ahi.maynoothuniversity.ie\/mind-material-middle-ages\/","name":"Mind and Material in the Middle Ages","description":"","publisher":{"@id":"https:\/\/ahi.maynoothuniversity.ie\/mind-material-middle-ages\/#organization"},"potentialAction":[{"@type":"SearchAction","target":{"@type":"EntryPoint","urlTemplate":"https:\/\/ahi.maynoothuniversity.ie\/mind-material-middle-ages\/?s={search_term_string}"},"query-input":{"@type":"PropertyValueSpecification","valueRequired":true,"valueName":"search_term_string"}}],"inLanguage":"en-US"},{"@type":"Organization","@id":"https:\/\/ahi.maynoothuniversity.ie\/mind-material-middle-ages\/#organization","name":"Mind and Material in the Middle Ages","url":"https:\/\/ahi.maynoothuniversity.ie\/mind-material-middle-ages\/","logo":{"@type":"ImageObject","inLanguage":"en-US","@id":"https:\/\/ahi.maynoothuniversity.ie\/mind-material-middle-ages\/#\/schema\/logo\/image\/","url":"https:\/\/ahi.maynoothuniversity.ie\/mind-material-middle-ages\/wp-content\/uploads\/2025\/02\/logo-full.png","contentUrl":"https:\/\/ahi.maynoothuniversity.ie\/mind-material-middle-ages\/wp-content\/uploads\/2025\/02\/logo-full.png","width":463,"height":80,"caption":"Mind and Material in the Middle Ages"},"image":{"@id":"https:\/\/ahi.maynoothuniversity.ie\/mind-material-middle-ages\/#\/schema\/logo\/image\/"}},{"@type":"Person","@id":"https:\/\/ahi.maynoothuniversity.ie\/mind-material-middle-ages\/#\/schema\/person\/b7e0a15d42915cf0319222bd95f6589d","name":"admin","image":{"@type":"ImageObject","inLanguage":"en-US","@id":"https:\/\/ahi.maynoothuniversity.ie\/mind-material-middle-ages\/#\/schema\/person\/image\/","url":"https:\/\/secure.gravatar.com\/avatar\/e9dbeba96e6dbabe2de8e89c96dc385e54313539947f96f1d1ed6e5149ee77af?s=96&d=mm&r=g","contentUrl":"https:\/\/secure.gravatar.com\/avatar\/e9dbeba96e6dbabe2de8e89c96dc385e54313539947f96f1d1ed6e5149ee77af?s=96&d=mm&r=g","caption":"admin"},"sameAs":["https:\/\/ahi.maynoothuniversity.ie\/mind-material-middle-ages"],"url":"https:\/\/ahi.maynoothuniversity.ie\/mind-material-middle-ages\/author\/admin_jmczbnwh\/"}]}},"jetpack_featured_media_url":"","_links":{"self":[{"href":"https:\/\/ahi.maynoothuniversity.ie\/mind-material-middle-ages\/wp-json\/wp\/v2\/posts\/272","targetHints":{"allow":["GET"]}}],"collection":[{"href":"https:\/\/ahi.maynoothuniversity.ie\/mind-material-middle-ages\/wp-json\/wp\/v2\/posts"}],"about":[{"href":"https:\/\/ahi.maynoothuniversity.ie\/mind-material-middle-ages\/wp-json\/wp\/v2\/types\/post"}],"author":[{"embeddable":true,"href":"https:\/\/ahi.maynoothuniversity.ie\/mind-material-middle-ages\/wp-json\/wp\/v2\/users\/1"}],"replies":[{"embeddable":true,"href":"https:\/\/ahi.maynoothuniversity.ie\/mind-material-middle-ages\/wp-json\/wp\/v2\/comments?post=272"}],"version-history":[{"count":4,"href":"https:\/\/ahi.maynoothuniversity.ie\/mind-material-middle-ages\/wp-json\/wp\/v2\/posts\/272\/revisions"}],"predecessor-version":[{"id":294,"href":"https:\/\/ahi.maynoothuniversity.ie\/mind-material-middle-ages\/wp-json\/wp\/v2\/posts\/272\/revisions\/294"}],"wp:attachment":[{"href":"https:\/\/ahi.maynoothuniversity.ie\/mind-material-middle-ages\/wp-json\/wp\/v2\/media?parent=272"}],"wp:term":[{"taxonomy":"category","embeddable":true,"href":"https:\/\/ahi.maynoothuniversity.ie\/mind-material-middle-ages\/wp-json\/wp\/v2\/categories?post=272"},{"taxonomy":"post_tag","embeddable":true,"href":"https:\/\/ahi.maynoothuniversity.ie\/mind-material-middle-ages\/wp-json\/wp\/v2\/tags?post=272"}],"curies":[{"name":"wp","href":"https:\/\/api.w.org\/{rel}","templated":true}]}}